{"id":111,"date":"2013-04-11T15:11:44","date_gmt":"2013-04-11T14:11:44","guid":{"rendered":"http:\/\/www.seaandsky-biarritz.com\/\/?p=111"},"modified":"2016-03-06T15:06:28","modified_gmt":"2016-03-06T14:06:28","slug":"slide-1","status":"publish","type":"post","link":"https:\/\/www.seaandsky-biarritz.com\/fr\/slider-accueil\/slide-1\/","title":{"rendered":"Slide 1"},"content":{"rendered":"<p><\/p>\n<p><p>Cet \u00e9l\u00e9gant appartement est situ\u00e9 dans la Villa Sea &#038; Sky, construite en 1930, en plein centre de Biarritz et en bord de mer. Proche du c\u00e9l\u00e8bre H\u00f4tel du Palais, il est \u00e0 quelques minutes \u00e0 pied de la Grande Plage et de sa promenade.<\/p>\n<p>Gr\u00e2ce \u00e0 ses balcons, chaque pi\u00e8ce de l&rsquo;appartement offre des vues spectaculaires. Dot\u00e9 d&rsquo;un bel ensoleillement dans la journ\u00e9e, l\u2019appartement est orient\u00e9 plein ouest pour les magnifiques couchers de soleil.<\/p>\n<p><a href=\"http:\/\/www.seaandsky-biarritz.com\/\/villa-a-biarritz-photos-de-lexterieur\/\">D\u00e9couvrir en images >>><\/a><\/p>\n<\/p>\n<p><\/p>","protected":false},"excerpt":{"rendered":"<p>Cet \u00e9l\u00e9gant appartement est situ\u00e9 dans la Villa Sea &#038; Sky, construite en 1930, en plein centre de Biarritz et en bord de mer. Proche du c\u00e9l\u00e8bre H\u00f4tel du Palais, il est \u00e0 quelques minutes \u00e0 pied de la Grande &hellip; <a href=\"https:\/\/www.seaandsky-biarritz.com\/fr\/slider-accueil\/slide-1\/\">Continue reading <span class=\"meta-nav\">&rarr;<\/span><\/a><\/p>\n","protected":false},"author":2,"featured_media":400,"comment_status":"closed","ping_status":"closed","sticky":false,"template":"","format":"standard","meta":{"_acf_changed":false,"ngg_post_thumbnail":0,"footnotes":""},"categories":[17],"tags":[],"class_list":["post-111","post","type-post","status-publish","format-standard","hentry","category-slider-accueil"],"acf":[],"_links":{"self":[{"href":"https:\/\/www.seaandsky-biarritz.com\/fr\/wp-json\/wp\/v2\/posts\/111","targetHints":{"allow":["GET"]}}],"collection":[{"href":"https:\/\/www.seaandsky-biarritz.com\/fr\/wp-json\/wp\/v2\/posts"}],"about":[{"href":"https:\/\/www.seaandsky-biarritz.com\/fr\/wp-json\/wp\/v2\/types\/post"}],"author":[{"embeddable":true,"href":"https:\/\/www.seaandsky-biarritz.com\/fr\/wp-json\/wp\/v2\/users\/2"}],"replies":[{"embeddable":true,"href":"https:\/\/www.seaandsky-biarritz.com\/fr\/wp-json\/wp\/v2\/comments?post=111"}],"version-history":[{"count":5,"href":"https:\/\/www.seaandsky-biarritz.com\/fr\/wp-json\/wp\/v2\/posts\/111\/revisions"}],"predecessor-version":[{"id":402,"href":"https:\/\/www.seaandsky-biarritz.com\/fr\/wp-json\/wp\/v2\/posts\/111\/revisions\/402"}],"wp:featuredmedia":[{"embeddable":true,"href":"https:\/\/www.seaandsky-biarritz.com\/fr\/wp-json\/wp\/v2\/media\/400"}],"wp:attachment":[{"href":"https:\/\/www.seaandsky-biarritz.com\/fr\/wp-json\/wp\/v2\/media?parent=111"}],"wp:term":[{"taxonomy":"category","embeddable":true,"href":"https:\/\/www.seaandsky-biarritz.com\/fr\/wp-json\/wp\/v2\/categories?post=111"},{"taxonomy":"post_tag","embeddable":true,"href":"https:\/\/www.seaandsky-biarritz.com\/fr\/wp-json\/wp\/v2\/tags?post=111"}],"curies":[{"name":"wp","href":"https:\/\/api.w.org\/{rel}","templated":true}]}}