{"id":135,"date":"2013-04-15T10:16:01","date_gmt":"2013-04-15T09:16:01","guid":{"rendered":"http:\/\/www.seaandsky-biarritz.com\/\/?p=135"},"modified":"2016-03-06T15:09:44","modified_gmt":"2016-03-06T14:09:44","slug":"slide-3-st-jean-de-luz","status":"publish","type":"post","link":"https:\/\/www.seaandsky-biarritz.com\/fr\/slider-accueil\/slide-3-st-jean-de-luz\/","title":{"rendered":"Slide 3 &#8211; St Jean de Luz"},"content":{"rendered":"<p><\/p>\n<p>Ce luxueux Loft en duplex est situ\u00e9 en plein coeur du centre de Saint-Jean-de-Luz, \u00e0 quelques pas des restaurants, boutiques, caf\u00e9s dans les rues pi\u00e9tonnes et \u00e0 seulement 5 minutes \u00e0 pied des plages de sable.<\/p>\n<p> D\u00e9cor\u00e9 dans un style minimaliste, ce spacieux Loft de conception architecturale sera s\u00fbr de plaire \u00e0 tous ceux qui appr\u00e9cient la commodit\u00e9 d&rsquo;\u00eatre en plein c\u0153ur de l&rsquo;action du centre ville.<\/p>\n<p> Un ascenseur priv\u00e9 vous emm\u00e8ne jusqu&rsquo;au sommet de ce Loft lumineux et confortable, o\u00f9 vous pourrez profiter d&rsquo;une vue double exposition \u00e0 travers cette ville baln\u00e9aire basque.<\/p>\n<p> <a href=\"http:\/\/www.seaandsky-biarritz.com\/\/fr\/loft-a-saint-jean-de-luz-photos-de-linterieur\/\">D\u00e9couvrir en images >>><\/a><\/p>\n<p><\/p>","protected":false},"excerpt":{"rendered":"<p>Ce luxueux Loft en duplex est situ\u00e9 en plein coeur du centre de Saint-Jean-de-Luz, \u00e0 quelques pas des restaurants, boutiques, caf\u00e9s dans les rues pi\u00e9tonnes et \u00e0 seulement 5 minutes \u00e0 pied des plages de sable. D\u00e9cor\u00e9 dans un style &hellip; <a href=\"https:\/\/www.seaandsky-biarritz.com\/fr\/slider-accueil\/slide-3-st-jean-de-luz\/\">Continue reading <span class=\"meta-nav\">&rarr;<\/span><\/a><\/p>\n","protected":false},"author":2,"featured_media":401,"comment_status":"closed","ping_status":"closed","sticky":false,"template":"","format":"standard","meta":{"_acf_changed":false,"ngg_post_thumbnail":0,"footnotes":""},"categories":[17],"tags":[],"class_list":["post-135","post","type-post","status-publish","format-standard","hentry","category-slider-accueil"],"acf":[],"_links":{"self":[{"href":"https:\/\/www.seaandsky-biarritz.com\/fr\/wp-json\/wp\/v2\/posts\/135","targetHints":{"allow":["GET"]}}],"collection":[{"href":"https:\/\/www.seaandsky-biarritz.com\/fr\/wp-json\/wp\/v2\/posts"}],"about":[{"href":"https:\/\/www.seaandsky-biarritz.com\/fr\/wp-json\/wp\/v2\/types\/post"}],"author":[{"embeddable":true,"href":"https:\/\/www.seaandsky-biarritz.com\/fr\/wp-json\/wp\/v2\/users\/2"}],"replies":[{"embeddable":true,"href":"https:\/\/www.seaandsky-biarritz.com\/fr\/wp-json\/wp\/v2\/comments?post=135"}],"version-history":[{"count":5,"href":"https:\/\/www.seaandsky-biarritz.com\/fr\/wp-json\/wp\/v2\/posts\/135\/revisions"}],"predecessor-version":[{"id":404,"href":"https:\/\/www.seaandsky-biarritz.com\/fr\/wp-json\/wp\/v2\/posts\/135\/revisions\/404"}],"wp:featuredmedia":[{"embeddable":true,"href":"https:\/\/www.seaandsky-biarritz.com\/fr\/wp-json\/wp\/v2\/media\/401"}],"wp:attachment":[{"href":"https:\/\/www.seaandsky-biarritz.com\/fr\/wp-json\/wp\/v2\/media?parent=135"}],"wp:term":[{"taxonomy":"category","embeddable":true,"href":"https:\/\/www.seaandsky-biarritz.com\/fr\/wp-json\/wp\/v2\/categories?post=135"},{"taxonomy":"post_tag","embeddable":true,"href":"https:\/\/www.seaandsky-biarritz.com\/fr\/wp-json\/wp\/v2\/tags?post=135"}],"curies":[{"name":"wp","href":"https:\/\/api.w.org\/{rel}","templated":true}]}}